{"id":381766,"date":"2026-05-01T12:26:47","date_gmt":"2026-05-01T10:26:47","guid":{"rendered":"https:\/\/prostartup.it\/1-maggio-serafini-snals-scuola-pilastro-del-paese-basta-precariet-strutturale\/"},"modified":"2026-05-01T12:26:47","modified_gmt":"2026-05-01T10:26:47","slug":"1-maggio-serafini-snals-scuola-pilastro-del-paese-basta-precariet-strutturale","status":"publish","type":"post","link":"https:\/\/prostartup.it\/ru\/1-maggio-serafini-snals-scuola-pilastro-del-paese-basta-precariet-strutturale\/","title":{"rendered":"1 maggio, Serafini (Snals): \u201cScuola pilastro del Paese, basta precariet\u00e0 strutturale\u201d"},"content":{"rendered":"<div>\n<p> (Adnkronos) \u2013 \u201cLa scuola \u00e8 al centro della formazione e rappresenta un presidio fondamentale per la crescita del Paese, perch\u00e9 forma i professionisti di oggi e quelli di domani. Il nostro comparto \u00e8 complesso e articolato: comprende istruzione, universit\u00e0, ricerca e alta formazione artistica e musicale, accompagnando i giovani lungo tutto il percorso che va dalla scuola al mondo del lavoro. Per questo serve un impegno costante e concreto per garantire qualit\u00e0, stabilit\u00e0 e prospettive a chi lavora nel sistema educativo\u201d. Lo afferma la segretaria generale dello Snals, Elvira Serafini, intervenendo alla Giornata del lavoro \u201cLavoro \u00e8 futuro\u201d, organizzata dalla Confsal in Piazza del Plebiscito, in occasione della Festa dei Lavoratori.\u00a0<\/p>\n<p>Serafini richiama quindi l\u2019attenzione sulle principali criticit\u00e0 del settore, a partire dall\u2019elevato numero di docenti e personale Ata precari. \u201cNon \u00e8 pi\u00f9 rinviabile \u2013 sottolinea \u2013 un piano straordinario di stabilizzazione che restituisca dignit\u00e0 a migliaia di lavoratori e garantisca continuit\u00e0 didattica agli studenti. La precariet\u00e0 strutturale non pu\u00f2 essere la normalit\u00e0 nel sistema scolastico\u201d.\u00a0<\/p>\n<p>La leader dello Snals pone inoltre l\u2019accento sul rinnovo contrattuale ormai imminente. \u201cSiamo alla vigilia dell\u2019apertura delle trattative: la parte economica \u00e8 stata assicurata, ma ora \u00e8 fondamentale intervenire anche sulla parte normativa. \u00c8 necessario aggiornare le regole, adeguandole ai cambiamenti sociali e alle nuove esigenze del mondo del lavoro\u201d. Come Snals, conclude, \u201criteniamo sia arrivato il momento di un vero cambiamento: servono norme pi\u00f9 moderne, capaci di valorizzare il personale e rendere il sistema educativo pi\u00f9 efficiente, inclusivo e in linea con le trasformazioni in atto\u201d.\u00a0<\/p>\n<p>\u2014<\/p>\n<p>economia<\/p>\n<p>[email\u00a0protected] (Web Info)<\/p>\n<p>\u00a9 RIPRODUZIONE RISERVATA<\/p>\n<div class=\"article-donation-banner\">\n<div class=\"article-donation-banner__content\">\n\t\t\t\t\t\t\t\t\t<span class=\"article-donation-banner__kicker\">SUPPORTA STARTUPBUSINESS<\/span><\/p>\n<h3 class=\"article-donation-banner__title\">Ti \u00e8 stato utile questo articolo?<\/h3>\n<p>Con una piccola donazione ci aiuti a continuare a produrre contenuti indipendenti.<\/p>\n<\/p><\/div>\n<\/p><\/div>\n<hr \/>\n<\/div>\n","protected":false},"excerpt":{"rendered":"<p>(Adnkronos) \u2013 \u201cLa scuola \u00e8 al centro della formazione e rappresenta un presidio fondamentale per la crescita del Paese, perch\u00e9 forma i professionisti di oggi<\/p>","protected":false},"author":1,"featured_media":337104,"comment_status":"closed","ping_status":"closed","sticky":false,"template":"","format":"standard","meta":{"fifu_image_url":"","fifu_image_alt":"","footnotes":""},"categories":[17],"tags":[613],"class_list":["post-381766","post","type-post","status-publish","format-standard","has-post-thumbnail","hentry","category-it-prostartup","tag-scuola"],"_links":{"self":[{"href":"https:\/\/prostartup.it\/ru\/wp-json\/wp\/v2\/posts\/381766","targetHints":{"allow":["GET"]}}],"collection":[{"href":"https:\/\/prostartup.it\/ru\/wp-json\/wp\/v2\/posts"}],"about":[{"href":"https:\/\/prostartup.it\/ru\/wp-json\/wp\/v2\/types\/post"}],"author":[{"embeddable":true,"href":"https:\/\/prostartup.it\/ru\/wp-json\/wp\/v2\/users\/1"}],"replies":[{"embeddable":true,"href":"https:\/\/prostartup.it\/ru\/wp-json\/wp\/v2\/comments?post=381766"}],"version-history":[{"count":0,"href":"https:\/\/prostartup.it\/ru\/wp-json\/wp\/v2\/posts\/381766\/revisions"}],"wp:featuredmedia":[{"embeddable":true,"href":"https:\/\/prostartup.it\/ru\/wp-json\/wp\/v2\/media\/337104"}],"wp:attachment":[{"href":"https:\/\/prostartup.it\/ru\/wp-json\/wp\/v2\/media?parent=381766"}],"wp:term":[{"taxonomy":"category","embeddable":true,"href":"https:\/\/prostartup.it\/ru\/wp-json\/wp\/v2\/categories?post=381766"},{"taxonomy":"post_tag","embeddable":true,"href":"https:\/\/prostartup.it\/ru\/wp-json\/wp\/v2\/tags?post=381766"}],"curies":[{"name":"wp","href":"https:\/\/api.w.org\/{rel}","templated":true}]}}