{"id":381431,"date":"2026-04-19T12:27:46","date_gmt":"2026-04-19T10:27:46","guid":{"rendered":"https:\/\/prostartup.it\/vance-ringrazia-leone-xiv-disaccordi-ci-sono-ma-realt-pi-complicata\/"},"modified":"2026-04-19T12:27:46","modified_gmt":"2026-04-19T10:27:46","slug":"vance-ringrazia-leone-xiv-disaccordi-ci-sono-ma-realt-pi-complicata","status":"publish","type":"post","link":"https:\/\/prostartup.it\/ru\/vance-ringrazia-leone-xiv-disaccordi-ci-sono-ma-realt-pi-complicata\/","title":{"rendered":"Vance ringrazia Leone XIV: \u201cDisaccordi ci sono ma realt\u00e0 \u00e8 pi\u00f9 complicata\u201d"},"content":{"rendered":"<div>\n<p> (Adnkronos) \u2013 \u201cSono grato a Papa Leone per aver detto questo. Mentre la narrativa dei media alimenta costantemente i conflitti \u2013 e s\u00ec, disaccordi reali ci sono stati e ci saranno \u2013 la realt\u00e0 \u00e8 spesso molto pi\u00f9 complicata\u201d. Cos\u00ec JD Vance in un post su X saluta le parole con cui il Pontefice, parlando con i giornalisti durante il volo verso l\u2019Angola, ha detto di non voler dibattere con Trump.\u00a0<\/p>\n<p>Il vicepresidente, che si \u00e8 convertito al cattolicesimo sette anni fa, ha poi aggiunto che dal momento che il Papa \u201cpredica il vangelo, come deve\u201d questo \u201cinevitabilmente significa che offra le sue opinioni su questioni morali del momento\u201d. \u201cIl presidente e la sua intera amministrazione, lavorano per applicare questi principi morali in un mondo nel caos. Lui sar\u00e0 nelle nostre preghiere \u2013 conclude Vance riferendosi a Papa Leone \u2013 e spero che noi saremo nelle sue\u201d. \u00a0<\/p>\n<p>Dopo l\u2019attacco senza precedenti di Trump al Papa per le sue posizioni su guerra con l\u2019Iran e migranti, nei giorni scorsi Vance aveva detto che il Papa dovrebbe \u201cattenersi alle questioni morali\u201d, lasciando al \u201cpresidente degli Stati Uniti la definizione delle politiche pubbliche\u201d. E in un altro intervento era arrivato a dire che il Papa deve stare \u201cattento quando parla di teologia\u201d. \u00a0<\/p>\n<p>Papa Leone XIV, sul volo verso l\u2019Angola, salutando i media al seguito, ha spiegato che i suoi discorsi sono stati preparati prima e che quindi non sono da interpretare \u201ccome se cercassi di dibattere nuovamente con il presidente Trump, cosa che non \u00e8 nel mio interesse\u201d. \u201cSi \u00e8 diffusa una certa narrazione, non del tutto accurata, a causa della situazione politica creatasi quando, il primo giorno del viaggio, il presidente degli Stati Uniti ha rilasciato alcune dichiarazioni su di me\u201d. \u00a0<\/p>\n<p>\u201cPapa Leone \u00e8 debole sulla criminalit\u00e0 e pessimo per la politica estera \u2013 aveva detto il presidente americano \u2013 Se non fossi alla Casa Bianca, Leone non sarebbe in Vaticano\u201d, l\u2019affondo presidenziale. \u201cIo non ho paura dell\u2019amministrazione Trump, parlo del Vangelo, continuer\u00f2 a parlare ad alta voce contro la guerra \u2013 aveva replicato Leone XIV \u2013 Non ho intenzione di entrare in un dibattito con lui\u201d.\u00a0<\/p>\n<p>\u201cGran parte di ci\u00f2 che \u00e8 stato scritto da allora non \u00e8 altro che un commento su commento, nel tentativo di interpretare quanto \u00e8 stato detto\u201d, ha affermato Leone XIV. Un esempio \u00e8 il discorso pronunciato all\u2019incontro di preghiera per la pace a Bamenda due giorni fa. \u201cQuel discorso \u2013 ha spiegato il Pontefice \u2013 era stato preparato due settimane prima, ben prima che il presidente commentasse su di me e sul messaggio di pace che sto promuovendo. Eppure, \u00e8 stato interpretato come se stessi cercando di dibattere nuovamente con il presidente, cosa che non \u00e8 affatto nel mio interesse\u201d. \u00a0<\/p>\n<p>\u201cIo vengo in Africa \u2013 ha puntualizzato \u2013 principalmente come pastore, come capo della Chiesa cattolica, per stare con, per celebrare con, per incoraggiare e accompagnare tutti i cattolici africani\u201d.\u00a0<\/p>\n<p>\u2014<\/p>\n<p>internazionale\/esteri<\/p>\n<p>[email\u00a0protected] (Web Info)<\/p>\n<p>\u00a9 RIPRODUZIONE RISERVATA<\/p>\n<div class=\"article-donation-banner\">\n<div class=\"article-donation-banner__content\">\n\t\t\t\t\t\t\t\t\t<span class=\"article-donation-banner__kicker\">SUPPORTA STARTUPBUSINESS<\/span><\/p>\n<h3 class=\"article-donation-banner__title\">Ti \u00e8 stato utile questo articolo?<\/h3>\n<p>Con una piccola donazione ci aiuti a continuare a produrre contenuti indipendenti.<\/p>\n<\/p><\/div>\n<\/p><\/div>\n<hr \/>\n<\/div>\n","protected":false},"excerpt":{"rendered":"<p>(Adnkronos) \u2013 \u201cSono grato a Papa Leone per aver detto questo. Mentre la narrativa dei media alimenta costantemente i conflitti \u2013 e s\u00ec, disaccordi reali<\/p>","protected":false},"author":1,"featured_media":337104,"comment_status":"closed","ping_status":"closed","sticky":false,"template":"","format":"standard","meta":{"fifu_image_url":"","fifu_image_alt":"","footnotes":""},"categories":[17],"tags":[1146,2757],"class_list":["post-381431","post","type-post","status-publish","format-standard","has-post-thumbnail","hentry","category-it-prostartup","tag-piu","tag-realta"],"_links":{"self":[{"href":"https:\/\/prostartup.it\/ru\/wp-json\/wp\/v2\/posts\/381431","targetHints":{"allow":["GET"]}}],"collection":[{"href":"https:\/\/prostartup.it\/ru\/wp-json\/wp\/v2\/posts"}],"about":[{"href":"https:\/\/prostartup.it\/ru\/wp-json\/wp\/v2\/types\/post"}],"author":[{"embeddable":true,"href":"https:\/\/prostartup.it\/ru\/wp-json\/wp\/v2\/users\/1"}],"replies":[{"embeddable":true,"href":"https:\/\/prostartup.it\/ru\/wp-json\/wp\/v2\/comments?post=381431"}],"version-history":[{"count":0,"href":"https:\/\/prostartup.it\/ru\/wp-json\/wp\/v2\/posts\/381431\/revisions"}],"wp:featuredmedia":[{"embeddable":true,"href":"https:\/\/prostartup.it\/ru\/wp-json\/wp\/v2\/media\/337104"}],"wp:attachment":[{"href":"https:\/\/prostartup.it\/ru\/wp-json\/wp\/v2\/media?parent=381431"}],"wp:term":[{"taxonomy":"category","embeddable":true,"href":"https:\/\/prostartup.it\/ru\/wp-json\/wp\/v2\/categories?post=381431"},{"taxonomy":"post_tag","embeddable":true,"href":"https:\/\/prostartup.it\/ru\/wp-json\/wp\/v2\/tags?post=381431"}],"curies":[{"name":"wp","href":"https:\/\/api.w.org\/{rel}","templated":true}]}}