{"id":381309,"date":"2026-04-17T00:29:07","date_gmt":"2026-04-16T22:29:07","guid":{"rendered":"https:\/\/prostartup.it\/assicurazioni-disabilit-e-lavoro-servono-risposte-efficaci\/"},"modified":"2026-04-17T00:29:07","modified_gmt":"2026-04-16T22:29:07","slug":"assicurazioni-disabilit-e-lavoro-servono-risposte-efficaci","status":"publish","type":"post","link":"https:\/\/prostartup.it\/ru\/assicurazioni-disabilit-e-lavoro-servono-risposte-efficaci\/","title":{"rendered":"Assicurazioni, disabilit\u00e0 e lavoro, servono risposte efficaci"},"content":{"rendered":"<div>\n<div><img decoding=\"async\" src=\"data:image\/gif;base64,R0lGODlhAQABAIAAAAAAAP\/\/\/ywAAAAAAQABAAACAUwAOw==\" fifu-lazy=\"1\" fifu-data-sizes=\"auto\" fifu-data-srcset=\"https:\/\/i0.wp.com\/www.startupbusiness.it\/wp-content\/uploads\/2026\/04\/young-businesswoman-in-wheelchair-analyzing-data-i-2026-01-06-00-06-41-utc.webp?ssl=1&w=75&resize=75&ssl=1 75w, https:\/\/i0.wp.com\/www.startupbusiness.it\/wp-content\/uploads\/2026\/04\/young-businesswoman-in-wheelchair-analyzing-data-i-2026-01-06-00-06-41-utc.webp?ssl=1&w=100&resize=100&ssl=1 100w, https:\/\/i0.wp.com\/www.startupbusiness.it\/wp-content\/uploads\/2026\/04\/young-businesswoman-in-wheelchair-analyzing-data-i-2026-01-06-00-06-41-utc.webp?ssl=1&w=150&resize=150&ssl=1 150w, https:\/\/i0.wp.com\/www.startupbusiness.it\/wp-content\/uploads\/2026\/04\/young-businesswoman-in-wheelchair-analyzing-data-i-2026-01-06-00-06-41-utc.webp?ssl=1&w=240&resize=240&ssl=1 240w, https:\/\/i0.wp.com\/www.startupbusiness.it\/wp-content\/uploads\/2026\/04\/young-businesswoman-in-wheelchair-analyzing-data-i-2026-01-06-00-06-41-utc.webp?ssl=1&w=320&resize=320&ssl=1 320w, https:\/\/i0.wp.com\/www.startupbusiness.it\/wp-content\/uploads\/2026\/04\/young-businesswoman-in-wheelchair-analyzing-data-i-2026-01-06-00-06-41-utc.webp?ssl=1&w=500&resize=500&ssl=1 500w, https:\/\/i0.wp.com\/www.startupbusiness.it\/wp-content\/uploads\/2026\/04\/young-businesswoman-in-wheelchair-analyzing-data-i-2026-01-06-00-06-41-utc.webp?ssl=1&w=640&resize=640&ssl=1 640w, https:\/\/i0.wp.com\/www.startupbusiness.it\/wp-content\/uploads\/2026\/04\/young-businesswoman-in-wheelchair-analyzing-data-i-2026-01-06-00-06-41-utc.webp?ssl=1&w=800&resize=800&ssl=1 800w, https:\/\/i0.wp.com\/www.startupbusiness.it\/wp-content\/uploads\/2026\/04\/young-businesswoman-in-wheelchair-analyzing-data-i-2026-01-06-00-06-41-utc.webp?ssl=1&w=1024&resize=1024&ssl=1 1024w, https:\/\/i0.wp.com\/www.startupbusiness.it\/wp-content\/uploads\/2026\/04\/young-businesswoman-in-wheelchair-analyzing-data-i-2026-01-06-00-06-41-utc.webp?ssl=1&w=1280&resize=1280&ssl=1 1280w, https:\/\/i0.wp.com\/www.startupbusiness.it\/wp-content\/uploads\/2026\/04\/young-businesswoman-in-wheelchair-analyzing-data-i-2026-01-06-00-06-41-utc.webp?ssl=1&w=1600&resize=1600&ssl=1 1600w\" fifu-data-src=\"https:\/\/i0.wp.com\/www.startupbusiness.it\/wp-content\/uploads\/2026\/04\/young-businesswoman-in-wheelchair-analyzing-data-i-2026-01-06-00-06-41-utc.webp?ssl=1\" class=\"ff-og-image-inserted\"><\/div>\n<p>Qualche settimana fa mi ha scritto una ragazza con una disabilit\u00e0, una libera professionista con partita IVA, una persona che lavora, costruisce autonomia, si muove nel mercato come fanno ogni giorno migliaia di professionisti, con una differenza sostanziale, quando ha provato a cercare una polizza infortuni per tutelare la propria salute e la continuit\u00e0 del proprio lavoro, ha iniziato a sbattere contro una serie di muri.<\/p>\n<p>Non stava chiedendo un trattamento speciale, non cercava una scorciatoia, voleva semplicemente accedere a uno strumento normale, uno di quelli che nel mondo del lavoro vengono considerati quasi scontati. Invece la risposta, per settimane, \u00e8 stata sempre la stessa, porte chiuse, risposte vaghe, rinvii, difficolt\u00e0 a trovare qualcuno disposto anche solo a prendersi davvero in carico la richiesta.<\/p>\n<p>La soluzione, alla fine, \u00e8 arrivata, ma dopo <strong>due mesi<\/strong>, e gi\u00e0 questo dovrebbe bastare per aprire una riflessione, perch\u00e9 quando un servizio pensato per proteggere funziona solo dopo un percorso cos\u00ec lungo e faticoso, il problema non \u00e8 solo individuale, il problema \u00e8 di sistema.<\/p>\n<p>Qui si apre una questione che riguarda direttamente il mondo business. Le assicurazioni ragionano per rischio, sostenibilit\u00e0 e marginalit\u00e0, \u00e8 il loro modello, nulla di strano, nulla di scandaloso. Il punto \u00e8 che questa logica, quando incontra la disabilit\u00e0, rischia troppo spesso di trasformarsi in una selezione implicita, nella quale la persona non viene pi\u00f9 letta come cliente, professionista o soggetto economico attivo, ma prima di tutto come <strong>profilo scomodo<\/strong>, come potenziale costo, come pratica da evitare.<\/p>\n<p>Ed \u00e8 proprio qui che il discorso smette di essere solo tecnico e diventa culturale. Da anni raccontiamo <strong>inclusione, accessibilit\u00e0 e diversity<\/strong> come elementi di innovazione, come segnali di maturit\u00e0 delle imprese, come valori che rendono pi\u00f9 evoluto un ecosistema economico, poi per\u00f2, quando si entra nel terreno concreto dei servizi, soprattutto di quelli che servono davvero a proteggere il lavoro e la vita delle persone, quella stessa apertura sembra restringersi all\u2019improvviso.<\/p>\n<p>Il paradosso \u00e8 ancora pi\u00f9 evidente se si osservano i numeri del settore. In Italia il mercato assicurativo nel 2025 ha raccolto <strong>182 miliardi di euro<\/strong>, con una crescita del <strong>7,8%<\/strong> rispetto all\u2019anno precedente, mentre il comparto salute continua a espandersi e nel 2024 i premi nei rami infortuni e malattia hanno raggiunto <strong>8 miliardi di euro<\/strong>. Non stiamo parlando, quindi, di un settore fragile o marginale, ma di un\u2019industria ampia, strutturata e in crescita.<\/p>\n<p>A questo si aggiunge un altro dato che dovrebbe far riflettere. Nel 2024 la spesa sanitaria complessiva in Italia \u00e8 stata pari a <strong>185,1 miliardi di euro<\/strong>, cio\u00e8 l\u2019<strong>8,5% del PIL<\/strong>, ma solo il <strong>3,4%<\/strong> \u00e8 stato intermediato da fondi sanitari e assicurazioni, mentre la parte prevalente \u00e8 rimasta in carico al settore pubblico e direttamente ai cittadini. Questo significa che il mercato assicurativo, pur crescendo, continua a coprire una quota limitata ma strategica della protezione sanitaria, e proprio per questo l\u2019accesso ai prodotti non pu\u00f2 essere considerato un tema secondario.<\/p>\n<p>Il punto, allora, non riguarda soltanto una singola professionista, riguarda il modo in cui il mercato della protezione interpreta la propria funzione. Se una compagnia pu\u00f2 permettersi di selezionare i clienti pi\u00f9 semplici e lasciare ai margini quelli pi\u00f9 esposti, sta certamente facendo business, ma sta anche restringendo il significato stesso della parola protezione. Una polizza non nasce per accompagnare solo chi ha meno probabilit\u00e0 di usarla, nasce per distribuire il rischio, e quando intere categorie di persone fanno pi\u00f9 fatica ad accedere a questi strumenti, il sistema smette di essere solo selettivo e diventa <strong>diseguale<\/strong>.<\/p>\n<p>Dentro il mondo dell\u2019impresa questa non \u00e8 una questione laterale. Una persona con disabilit\u00e0 che lavora in autonomia, che apre una partita IVA, che costruisce il proprio reddito e prova a tutelarsi, non sta chiedendo assistenza, sta cercando di stare nel mercato alle stesse condizioni degli altri. Se per\u00f2 proprio nel momento in cui prova a proteggere la propria attivit\u00e0 incontra ostacoli sproporzionati, allora l\u2019inclusione si ferma molto prima dei convegni, dei panel e delle campagne di comunicazione.<\/p>\n<p>Per questo il tema andrebbe letto anche come una <strong>domanda di innovazione ancora inevasa<\/strong>. Possibile che un\u2019industria di queste dimensioni non riesca a progettare prodotti, criteri e modelli pi\u00f9 intelligenti per intercettare i bisogni dei professionisti con disabilit\u00e0? Possibile che il sistema sappia segmentare ogni nicchia commerciale e poi si blocchi quando deve tenere insieme <strong>rischio, equit\u00e0 e continuit\u00e0 lavorativa<\/strong>?<\/p>\n<p>Quando il mercato non trova una risposta sufficiente, entra inevitabilmente in gioco anche il tema pubblico. Non per sostituire in tutto il settore privato, ma per evitare che il diritto alla tutela dipenda dalla fortuna di trovare il broker giusto, l\u2019interlocutore sensibile o la compagnia pi\u00f9 aperta. Qui non si parla di assistenzialismo, si parla di <strong>pari condizioni di accesso<\/strong> a strumenti che rendono possibile lavorare, crescere e restare indipendenti.La domanda finale, allora, \u00e8 semplice solo in apparenza, <strong>che valore ha un mercato della protezione se protegge con pi\u00f9 facilit\u00e0 proprio chi ha meno probabilit\u00e0 di restare scoperto<\/strong>, e quanto \u00e8 davvero maturo un ecosistema economico che celebra la diversit\u00e0 come valore, ma poi fatica ancora a tradurla in accesso concreto ai servizi. Nel business, come nella societ\u00e0, l\u2019inclusione smette di essere uno slogan quando diventa struttura.<\/p>\n<p><em>L\u2019autore \u00e8 presidente di LADI, Libera associazione disabili imprenditori<\/em><\/p>\n<p>\u00a9 RIPRODUZIONE RISERVATA<\/p>\n<div class=\"article-donation-banner\">\n<div class=\"article-donation-banner__content\">\n\t\t\t\t\t\t\t\t\t<span class=\"article-donation-banner__kicker\">SUPPORTA STARTUPBUSINESS<\/span><\/p>\n<h3 class=\"article-donation-banner__title\">Ti \u00e8 stato utile questo articolo?<\/h3>\n<p>Con una piccola donazione ci aiuti a continuare a produrre contenuti indipendenti.<\/p>\n<\/p><\/div>\n<\/p><\/div>\n<hr \/>\n<\/div>","protected":false},"excerpt":{"rendered":"<p>Qualche settimana fa mi ha scritto una ragazza con una disabilit\u00e0, una libera professionista con partita IVA, una persona che lavora, costruisce autonomia, si muove<\/p>","protected":false},"author":1,"featured_media":381310,"comment_status":"closed","ping_status":"closed","sticky":false,"template":"","format":"standard","meta":{"fifu_image_url":"http:\/\/www.startupbusiness.it\/wp-content\/uploads\/2026\/04\/young-businesswoman-in-wheelchair-analyzing-data-i-2026-01-06-00-06-41-utc.webp","fifu_image_alt":"Assicurazioni, disabilit\u00e0 e lavoro, servono risposte efficaci","footnotes":""},"categories":[17],"tags":[],"class_list":["post-381309","post","type-post","status-publish","format-standard","has-post-thumbnail","hentry","category-it-prostartup"],"_links":{"self":[{"href":"https:\/\/prostartup.it\/ru\/wp-json\/wp\/v2\/posts\/381309","targetHints":{"allow":["GET"]}}],"collection":[{"href":"https:\/\/prostartup.it\/ru\/wp-json\/wp\/v2\/posts"}],"about":[{"href":"https:\/\/prostartup.it\/ru\/wp-json\/wp\/v2\/types\/post"}],"author":[{"embeddable":true,"href":"https:\/\/prostartup.it\/ru\/wp-json\/wp\/v2\/users\/1"}],"replies":[{"embeddable":true,"href":"https:\/\/prostartup.it\/ru\/wp-json\/wp\/v2\/comments?post=381309"}],"version-history":[{"count":0,"href":"https:\/\/prostartup.it\/ru\/wp-json\/wp\/v2\/posts\/381309\/revisions"}],"wp:featuredmedia":[{"embeddable":true,"href":"https:\/\/prostartup.it\/ru\/wp-json\/wp\/v2\/media\/381310"}],"wp:attachment":[{"href":"https:\/\/prostartup.it\/ru\/wp-json\/wp\/v2\/media?parent=381309"}],"wp:term":[{"taxonomy":"category","embeddable":true,"href":"https:\/\/prostartup.it\/ru\/wp-json\/wp\/v2\/categories?post=381309"},{"taxonomy":"post_tag","embeddable":true,"href":"https:\/\/prostartup.it\/ru\/wp-json\/wp\/v2\/tags?post=381309"}],"curies":[{"name":"wp","href":"https:\/\/api.w.org\/{rel}","templated":true}]}}